{"id":14615,"date":"2020-04-06T11:04:37","date_gmt":"2020-04-06T11:04:37","guid":{"rendered":"https:\/\/www.aluministecnicsbarcelona.com\/es\/?p=14615"},"modified":"2025-11-18T16:36:20","modified_gmt":"2025-11-18T16:36:20","slug":"colores-ventanas-kline","status":"publish","type":"post","link":"https:\/\/www.aluministecnicsbarcelona.com\/es\/blog\/colores-ventanas-kline\/","title":{"rendered":"Colores de las ventanas de aluminio K-Line"},"content":{"rendered":"\n<div class=\"\">\u00bfNecesitas unas ventanas que se adapten por completo a las exigencias de tu hogar? Materiales, luminosidad, aislamiento y sobre todo, <strong>dise\u00f1o y color<\/strong>, son aspectos muy importantes a la hora de elegir ventanas. Y tanto si se trata de una obra nueva como de una reforma, elegir las ventanas adecuadas puede marcar la diferencia en tu casa.<\/div>\n\n\n\n<div class=\"\">\n<div class=\"\">&nbsp;<\/div>\n<div class=\"\"><strong>Elegir el color de ventanas<\/strong> que mejor se ajusta a nuestra vivienda es una tarea muy importante que no debemos dejar de lado. Una buena elecci\u00f3n puede mejorar un dise\u00f1o arquitect\u00f3nico o de interiores. Mientras que una elecci\u00f3n aleatoria o poco pensada, puede ser toda una cat\u00e1strofe para esa reforma que tanto hab\u00edamos anhelado.<\/div>\n<div class=\"\">&nbsp;<\/div>\n<div class=\"\">Por ello, desde Aluminics Tecnics Barcelona queremos darte una serie de<strong> consejos para que puedas elegir los colores de las&nbsp;<a href=\"https:\/\/www.aluministecnicsbarcelona.com\/es\/kline\/\" target=\"_blank\" rel=\"noopener\">ventanas KLINE<\/a>&nbsp;que&nbsp;mejor se ajustan a tu casa<\/strong>.<\/div>\n<\/div>\n\n\n\n<div class=\"\">C\u00f3mo elegir las ventanas que m\u00e1s se ajustan a tu vivienda<\/div>\n\n\n\n<div class=\"\">1. Consulta cartas y paletas de colores<\/div>\n\n\n\n<div class=\"\">Hoy en d\u00eda son varios los fabricantes de ventanas que son conscientes de la gran oportunidad que representan las ventanas. Pues, lejos de ser un simple cerramiento, se han convertido en todo un <strong>elemento decorativo y arquitect\u00f3nico<\/strong>. Es por ello, que han comenzado a trabajar con distintos acabados y colores.<\/div>\n\n\n\n<div class=\"\">Por ejemplo, la&nbsp;<strong>carta de colores K-Line<\/strong> es muy amplia y seguro que encuentras uno que se adecue a las exigencias de tu hogar. Puedes consultar el&nbsp;<a href=\"https:\/\/www.aluministecnicsbarcelona.com\/pdf\/carta-colores-KLINE.pdf\" target=\"_blank\" rel=\"noopener\">PDF con los colores KLINE<\/a>&nbsp;en linea y acudir a nuestra tienda para que te mostremos los acabados.<\/div>\n\n\n<div class=\"wp-block-image\">\n<figure class=\"aligncenter\"><img loading=\"lazy\" decoding=\"async\" width=\"1014\" height=\"283\" sizes=\"auto, (max-width: 1014px) 100vw, 1014px\" src=\"https:\/\/www.aluministecnicsbarcelona.com\/wp-content\/uploads\/2020\/03\/colores-K-Line.jpg\" alt=\"colores K-Line\" class=\"wp-image-14616\" title=\"\" srcset=\"https:\/\/www.aluministecnicsbarcelona.com\/wp-content\/uploads\/2020\/03\/colores-K-Line.jpg 1014w, https:\/\/www.aluministecnicsbarcelona.com\/wp-content\/uploads\/2020\/03\/colores-K-Line-300x84.jpg 300w, https:\/\/www.aluministecnicsbarcelona.com\/wp-content\/uploads\/2020\/03\/colores-K-Line-768x214.jpg 768w\" \/><\/figure>\n<\/div>\n\n\n<div class=\"\">2. Elige el color que resalte el estilo que quieres darle a tu casa<\/div>\n\n\n\n<div class=\"\">Puedes <strong>resaltar la claridad y tranquilidad<\/strong> de tu sal\u00f3n con las ventanas blancas, o la elegancia de tu fachada eligiendo unas ventanas negras, grises o marrones. Pues K-Line cuenta con una&nbsp;carta de colores que te asombrar\u00e1 por su gran diversidad y su adaptabilidad a cualquier tipo de dise\u00f1o.<\/div>\n\n\n<div class=\"wp-block-image\">\n<figure class=\"aligncenter\"><img loading=\"lazy\" decoding=\"async\" width=\"1142\" height=\"437\" sizes=\"auto, (max-width: 1142px) 100vw, 1142px\" src=\"https:\/\/www.aluministecnicsbarcelona.com\/wp-content\/uploads\/2020\/03\/kline.jpg\" alt=\"kline\" class=\"wp-image-14661\" title=\"\" srcset=\"https:\/\/www.aluministecnicsbarcelona.com\/wp-content\/uploads\/2020\/03\/kline.jpg 1142w, https:\/\/www.aluministecnicsbarcelona.com\/wp-content\/uploads\/2020\/03\/kline-300x115.jpg 300w, https:\/\/www.aluministecnicsbarcelona.com\/wp-content\/uploads\/2020\/03\/kline-768x294.jpg 768w, https:\/\/www.aluministecnicsbarcelona.com\/wp-content\/uploads\/2020\/03\/kline-1024x392.jpg 1024w\" \/><\/figure>\n<\/div>\n\n\n<div class=\"\">3. Ten en cuenta la posibilidad de combinar colores<\/div>\n\n\n\n<div class=\"\">Adem\u00e1s, en una misma ventana <strong>puedes combinar dos colores<\/strong>. Uno para el exterior y otro para el&nbsp;interior.&nbsp;Todo depende del dise\u00f1o de tu vivienda y de lo que quieras conseguir tanto en el exterior como en el interior.<\/div>\n\n\n\n<div class=\"\">Otros consejos<\/div>\n\n\n\n<div class=\"\">A parte del dise\u00f1o, debes tener en cuenta que <strong>la calidad<\/strong> es muy importante. No en vano, van a ser uno de los elementos que m\u00e1s manipules en tu casa. Y por ello, deben ser duraderas y contar con otra serie de requisitos que las conviertan en unas ventanas de aluminio que se ajusten a tus necesidades.<\/div>\n\n\n\n<div class=\"\">Es decir, que se abran de la forma que necesitas, que cuenten con un buen aislante t\u00e9rmico y ac\u00fastico. Y que aporten <strong>luminosidad<\/strong> a la estancia en la que se ubiquen, algo en lo que las ventanas K-Line son especialistas.<\/div>\n\n\n<div class=\"wp-block-image\">\n<figure class=\"aligncenter\"><img loading=\"lazy\" decoding=\"async\" width=\"900\" height=\"600\" sizes=\"auto, (max-width: 900px) 100vw, 900px\" src=\"https:\/\/www.aluministecnicsbarcelona.com\/wp-content\/uploads\/2020\/03\/kline-plus-couleur-gal-04b.jpg\" alt=\"kline-plus-couleur-gal-04b\" class=\"wp-image-14618\" title=\"\" srcset=\"https:\/\/www.aluministecnicsbarcelona.com\/wp-content\/uploads\/2020\/03\/kline-plus-couleur-gal-04b.jpg 900w, https:\/\/www.aluministecnicsbarcelona.com\/wp-content\/uploads\/2020\/03\/kline-plus-couleur-gal-04b-300x200.jpg 300w, https:\/\/www.aluministecnicsbarcelona.com\/wp-content\/uploads\/2020\/03\/kline-plus-couleur-gal-04b-768x512.jpg 768w\" \/><\/figure>\n<\/div>\n\n\n<div class=\"\">Adem\u00e1s, debes comprarlas en establecimientos que puedan garantizarte una buena instalaci\u00f3n. Y que tengan un buen servicio de venta y postventa. Como es el caso de nuestra <a href=\"https:\/\/www.aluministecnicsbarcelona.com\/es\/\" target=\"_blank\" rel=\"noopener\">carpinter\u00eda de aluminio en Barcelona<\/a>&nbsp;pues estamos <strong>autorizados para instalar ventanas K-Line en Barcelona<\/strong>. As\u00ed podr\u00e1n asesorarte en cuanto a la elecci\u00f3n de la ventana y ayudarte si surge alg\u00fan problema posterior.<\/div>\n","protected":false},"excerpt":{"rendered":"<p>\u00bfNecesitas unas ventanas que se adapten por completo a las exigencias de tu hogar? Materiales, luminosidad, aislamiento y sobre todo, dise\u00f1o y color, son aspectos [&hellip;]<\/p>\n","protected":false},"author":2,"featured_media":14661,"comment_status":"closed","ping_status":"closed","sticky":false,"template":"","format":"standard","meta":{"_lmt_disableupdate":"no","_lmt_disable":"","_joinchat":[],"footnotes":""},"categories":[112],"tags":[145,137],"class_list":["post-14615","post","type-post","status-publish","format-standard","has-post-thumbnail","hentry","category-noticias","tag-k-line","tag-ventanas"],"modified_by":"Enrique Camba","_links":{"self":[{"href":"https:\/\/www.aluministecnicsbarcelona.com\/es\/wp-json\/wp\/v2\/posts\/14615","targetHints":{"allow":["GET"]}}],"collection":[{"href":"https:\/\/www.aluministecnicsbarcelona.com\/es\/wp-json\/wp\/v2\/posts"}],"about":[{"href":"https:\/\/www.aluministecnicsbarcelona.com\/es\/wp-json\/wp\/v2\/types\/post"}],"author":[{"embeddable":true,"href":"https:\/\/www.aluministecnicsbarcelona.com\/es\/wp-json\/wp\/v2\/users\/2"}],"replies":[{"embeddable":true,"href":"https:\/\/www.aluministecnicsbarcelona.com\/es\/wp-json\/wp\/v2\/comments?post=14615"}],"version-history":[{"count":1,"href":"https:\/\/www.aluministecnicsbarcelona.com\/es\/wp-json\/wp\/v2\/posts\/14615\/revisions"}],"predecessor-version":[{"id":20251,"href":"https:\/\/www.aluministecnicsbarcelona.com\/es\/wp-json\/wp\/v2\/posts\/14615\/revisions\/20251"}],"wp:featuredmedia":[{"embeddable":true,"href":"https:\/\/www.aluministecnicsbarcelona.com\/es\/wp-json\/wp\/v2\/media\/14661"}],"wp:attachment":[{"href":"https:\/\/www.aluministecnicsbarcelona.com\/es\/wp-json\/wp\/v2\/media?parent=14615"}],"wp:term":[{"taxonomy":"category","embeddable":true,"href":"https:\/\/www.aluministecnicsbarcelona.com\/es\/wp-json\/wp\/v2\/categories?post=14615"},{"taxonomy":"post_tag","embeddable":true,"href":"https:\/\/www.aluministecnicsbarcelona.com\/es\/wp-json\/wp\/v2\/tags?post=14615"}],"curies":[{"name":"wp","href":"https:\/\/api.w.org\/{rel}","templated":true}]}}