{"id":15203,"date":"2023-03-30T08:52:15","date_gmt":"2023-03-30T08:52:15","guid":{"rendered":"https:\/\/www.aluministecnicsbarcelona.com\/es\/blog\/ayudas-europeas-mejora-eficiencia-energetica-copy\/"},"modified":"2025-11-18T16:57:56","modified_gmt":"2025-11-18T16:57:56","slug":"mamparas-profiltek-barcelona","status":"publish","type":"post","link":"https:\/\/www.aluministecnicsbarcelona.com\/es\/blog\/mamparas-profiltek-barcelona\/","title":{"rendered":"Mamparas de ducha y ba\u00f1o Profiltek en Barcelona"},"content":{"rendered":"<div id=\"ez-toc-container\" class=\"ez-toc-v2_0_82_2 counter-hierarchy ez-toc-counter ez-toc-grey ez-toc-container-direction\">\n<div class=\"ez-toc-title-container\">\n<p class=\"ez-toc-title\" style=\"cursor:inherit\">Contenido<\/p>\n<span class=\"ez-toc-title-toggle\"><a href=\"#\" class=\"ez-toc-pull-right ez-toc-btn ez-toc-btn-xs ez-toc-btn-default ez-toc-toggle\" aria-label=\"Alternar tabla de contenidos\"><span class=\"ez-toc-js-icon-con\"><span class=\"\"><span class=\"eztoc-hide\" style=\"display:none;\">Toggle<\/span><span class=\"ez-toc-icon-toggle-span\"><svg style=\"fill: #999;color:#999\" xmlns=\"http:\/\/www.w3.org\/2000\/svg\" class=\"list-377408\" width=\"20px\" height=\"20px\" viewBox=\"0 0 24 24\" fill=\"none\"><path d=\"M6 6H4v2h2V6zm14 0H8v2h12V6zM4 11h2v2H4v-2zm16 0H8v2h12v-2zM4 16h2v2H4v-2zm16 0H8v2h12v-2z\" fill=\"currentColor\"><\/path><\/svg><svg style=\"fill: #999;color:#999\" class=\"arrow-unsorted-368013\" xmlns=\"http:\/\/www.w3.org\/2000\/svg\" width=\"10px\" height=\"10px\" viewBox=\"0 0 24 24\" version=\"1.2\" baseProfile=\"tiny\"><path d=\"M18.2 9.3l-6.2-6.3-6.2 6.3c-.2.2-.3.4-.3.7s.1.5.3.7c.2.2.4.3.7.3h11c.3 0 .5-.1.7-.3.2-.2.3-.5.3-.7s-.1-.5-.3-.7zM5.8 14.7l6.2 6.3 6.2-6.3c.2-.2.3-.5.3-.7s-.1-.5-.3-.7c-.2-.2-.4-.3-.7-.3h-11c-.3 0-.5.1-.7.3-.2.2-.3.5-.3.7s.1.5.3.7z\"\/><\/svg><\/span><\/span><\/span><\/a><\/span><\/div>\n<nav><ul class='ez-toc-list ez-toc-list-level-1 ' ><li class='ez-toc-page-1 ez-toc-heading-level-2'><a class=\"ez-toc-link ez-toc-heading-1\" href=\"https:\/\/www.aluministecnicsbarcelona.com\/es\/blog\/mamparas-profiltek-barcelona\/#instalacion-y-montaje-de-mamparas-profiltek-en-barcelona\" >Instalaci\u00f3n y montaje de mamparas Profiltek en Barcelona<\/a><\/li><li class='ez-toc-page-1 ez-toc-heading-level-2'><a class=\"ez-toc-link ez-toc-heading-2\" href=\"https:\/\/www.aluministecnicsbarcelona.com\/es\/blog\/mamparas-profiltek-barcelona\/#mamparas-de-ducha-y-bano-a-medida-profiltek\" >Mamparas de ducha y ba\u00f1o a medida Profiltek<\/a><ul class='ez-toc-list-level-3' ><li class='ez-toc-heading-level-3'><a class=\"ez-toc-link ez-toc-heading-3\" href=\"https:\/\/www.aluministecnicsbarcelona.com\/es\/blog\/mamparas-profiltek-barcelona\/#mamparas-con-hojas-fijas-walk-in\" >Mamparas con hojas fijas walk in<\/a><\/li><li class='ez-toc-page-1 ez-toc-heading-level-3'><a class=\"ez-toc-link ez-toc-heading-4\" href=\"https:\/\/www.aluministecnicsbarcelona.com\/es\/blog\/mamparas-profiltek-barcelona\/#mamparas-correderas-de-ducha-y-banera\" >Mamparas correderas de ducha y ba\u00f1era<\/a><\/li><li class='ez-toc-page-1 ez-toc-heading-level-3'><a class=\"ez-toc-link ez-toc-heading-5\" href=\"https:\/\/www.aluministecnicsbarcelona.com\/es\/blog\/mamparas-profiltek-barcelona\/#mamparas-con-puertas-abatibles-y-plegables\" >Mamparas con puertas abatibles y plegables<\/a><\/li><li class='ez-toc-page-1 ez-toc-heading-level-3'><a class=\"ez-toc-link ez-toc-heading-6\" href=\"https:\/\/www.aluministecnicsbarcelona.com\/es\/blog\/mamparas-profiltek-barcelona\/#modelos-para-soluciones-especiales\" >Modelos para soluciones especiales<\/a><\/li><li class='ez-toc-page-1 ez-toc-heading-level-3'><a class=\"ez-toc-link ez-toc-heading-7\" href=\"https:\/\/www.aluministecnicsbarcelona.com\/es\/blog\/mamparas-profiltek-barcelona\/#mamparas-de-ducha-para-personas-con-movilidad-reducida\" >Mamparas de ducha para personas con movilidad reducida<\/a><\/li><\/ul><\/li><li class='ez-toc-page-1 ez-toc-heading-level-2'><a class=\"ez-toc-link ez-toc-heading-8\" href=\"https:\/\/www.aluministecnicsbarcelona.com\/es\/blog\/mamparas-profiltek-barcelona\/#catalogo-profiltek-con-medidas-estandar\" >Cat\u00e1logo Profiltek con medidas est\u00e1ndar<\/a><ul class='ez-toc-list-level-3' ><li class='ez-toc-heading-level-3'><a class=\"ez-toc-link ez-toc-heading-9\" href=\"https:\/\/www.aluministecnicsbarcelona.com\/es\/blog\/mamparas-profiltek-barcelona\/#modelos-con-perfiles-fijos\" >Modelos con perfiles fijos<\/a><\/li><li class='ez-toc-page-1 ez-toc-heading-level-3'><a class=\"ez-toc-link ez-toc-heading-10\" href=\"https:\/\/www.aluministecnicsbarcelona.com\/es\/blog\/mamparas-profiltek-barcelona\/#correderas-con-medidas-estandar\" >Correderas con medidas est\u00e1ndar<\/a><\/li><li class='ez-toc-page-1 ez-toc-heading-level-3'><a class=\"ez-toc-link ez-toc-heading-11\" href=\"https:\/\/www.aluministecnicsbarcelona.com\/es\/blog\/mamparas-profiltek-barcelona\/#abatibles-yo-correderas\" >Abatibles y\/o correderas<\/a><\/li><\/ul><\/li><li class='ez-toc-page-1 ez-toc-heading-level-2'><a class=\"ez-toc-link ez-toc-heading-12\" href=\"https:\/\/www.aluministecnicsbarcelona.com\/es\/blog\/mamparas-profiltek-barcelona\/#acabados-personalizados-100\" >Acabados personalizados 100%<\/a><ul class='ez-toc-list-level-3' ><li class='ez-toc-heading-level-3'><a class=\"ez-toc-link ez-toc-heading-13\" href=\"https:\/\/www.aluministecnicsbarcelona.com\/es\/blog\/mamparas-profiltek-barcelona\/#perfileria\" >Perfiler\u00eda<\/a><\/li><li class='ez-toc-page-1 ez-toc-heading-level-3'><a class=\"ez-toc-link ez-toc-heading-14\" href=\"https:\/\/www.aluministecnicsbarcelona.com\/es\/blog\/mamparas-profiltek-barcelona\/#accesorios-disponibles\" >Accesorios disponibles<\/a><\/li><li class='ez-toc-page-1 ez-toc-heading-level-3'><a class=\"ez-toc-link ez-toc-heading-15\" href=\"https:\/\/www.aluministecnicsbarcelona.com\/es\/blog\/mamparas-profiltek-barcelona\/#tipos-de-vidrio\" >Tipos de vidrio<\/a><\/li><li class='ez-toc-page-1 ez-toc-heading-level-3'><a class=\"ez-toc-link ez-toc-heading-16\" href=\"https:\/\/www.aluministecnicsbarcelona.com\/es\/blog\/mamparas-profiltek-barcelona\/#decoracion-del-vidrio\" >Decoraci\u00f3n del v\u00eddrio<\/a><\/li><li class='ez-toc-page-1 ez-toc-heading-level-3'><a class=\"ez-toc-link ez-toc-heading-17\" href=\"https:\/\/www.aluministecnicsbarcelona.com\/es\/blog\/mamparas-profiltek-barcelona\/#barras\" >Barras<\/a><\/li><\/ul><\/li><li class='ez-toc-page-1 ez-toc-heading-level-2'><a class=\"ez-toc-link ez-toc-heading-18\" href=\"https:\/\/www.aluministecnicsbarcelona.com\/es\/blog\/mamparas-profiltek-barcelona\/#platos-de-ducha-a-medida-profiltek\" >Platos de ducha a medida Profiltek<\/a><ul class='ez-toc-list-level-3' ><li class='ez-toc-heading-level-3'><a class=\"ez-toc-link ez-toc-heading-19\" href=\"https:\/\/www.aluministecnicsbarcelona.com\/es\/blog\/mamparas-profiltek-barcelona\/#tipos-de-platos-de-ducha\" >Tipos de platos de ducha<\/a><\/li><li class='ez-toc-page-1 ez-toc-heading-level-3'><a class=\"ez-toc-link ez-toc-heading-20\" href=\"https:\/\/www.aluministecnicsbarcelona.com\/es\/blog\/mamparas-profiltek-barcelona\/#solucion-para-cambiar-tu-banera-por-una-ducha\" >Soluci\u00f3n para cambiar tu ba\u00f1era por una ducha<\/a><\/li><li class='ez-toc-page-1 ez-toc-heading-level-3'><a class=\"ez-toc-link ez-toc-heading-21\" href=\"https:\/\/www.aluministecnicsbarcelona.com\/es\/blog\/mamparas-profiltek-barcelona\/#texturas-y-colores-disponibles\" >Texturas y colores disponibles<\/a><\/li><li class='ez-toc-page-1 ez-toc-heading-level-3'><a class=\"ez-toc-link ez-toc-heading-22\" href=\"https:\/\/www.aluministecnicsbarcelona.com\/es\/blog\/mamparas-profiltek-barcelona\/#accesorios-para-platos-de-ducha\" >Accesorios para platos de ducha<\/a><\/li><\/ul><\/li><\/ul><\/nav><\/div>\n<div class=\"wp-block-image size-full wp-image-15232\">\n<figure class=\"aligncenter\"><img loading=\"lazy\" decoding=\"async\" width=\"900\" height=\"600\" sizes=\"auto, (max-width: 900px) 100vw, 900px\" src=\"https:\/\/www.aluministecnicsbarcelona.com\/wp-content\/uploads\/2023\/03\/arcoiris-plus-mampara-plegable-profiltek-ac218-negro.jpg\" alt=\"Arco Iris Plus - AC218\" class=\"wp-image-15232\" title=\"\" srcset=\"https:\/\/www.aluministecnicsbarcelona.com\/wp-content\/uploads\/2023\/03\/arcoiris-plus-mampara-plegable-profiltek-ac218-negro.jpg 900w, https:\/\/www.aluministecnicsbarcelona.com\/wp-content\/uploads\/2023\/03\/arcoiris-plus-mampara-plegable-profiltek-ac218-negro-300x200.jpg 300w, https:\/\/www.aluministecnicsbarcelona.com\/wp-content\/uploads\/2023\/03\/arcoiris-plus-mampara-plegable-profiltek-ac218-negro-768x512.jpg 768w\" \/><figcaption class=\"wp-element-caption\">Arco Iris Plus &#8211; AC218<\/figcaption><\/figure>\n<\/div>\n\n\n<p>\u00bfHas hecho reforma en tu ducha y quieres poner una mampara? Pues en Aluminics T\u00e8cnics queremos hablarte de las <b>mamparas de ducha y ba\u00f1o Profiltek <\/b>para tu casa de Barcelona.<\/p>\n\n\n\n<h2 class=\"wp-block-heading\"><span class=\"ez-toc-section\" id=\"instalacion-y-montaje-de-mamparas-profiltek-en-barcelona\"><\/span>Instalaci\u00f3n y montaje de mamparas Profiltek en Barcelona<span class=\"ez-toc-section-end\"><\/span><\/h2>\n\n\n\n<p>Las mamparas Profiltek cuentan con una de las mayores gamas de productos del sector. Diversas soluciones para adaptarse a cada una de tus necesidades. Se trata de una de las mejores alternativas si lo que queremos es dise\u00f1ar con todas las garant\u00edas. Por ello, en <b>Aluminis T\u00e8cnics Barcelona<\/b> instalamos y montamos todo tipo de <a href=\"https:\/\/www.aluministecnicsbarcelona.com\/es\/mamparas-vidrio\/\">mamparas de cristal<\/a> Profiltek en la provincia de Barcelona.<\/p>\n\n\n\n<p>Asimismo, tambi\u00e9n instalamos platos de ducha y otros equipamientos, gracias a que contamos con un gran equipo de profesionales. Recuerda que, adem\u00e1s de las mamparas y platos Profiltek, tambi\u00e9n trabajamos con <a href=\"https:\/\/www.aluministecnicsbarcelona.com\/es\/blog\/mamparas-kassandra-barcelona\/\">mamparas Kassandra<\/a> y <a href=\"https:\/\/www.aluministecnicsbarcelona.com\/es\/blog\/mamparas-lasser-barcelona\/\">mamparas Lasser<\/a>.<\/p>\n\n\n\n<h2 class=\"wp-block-heading\"><span class=\"ez-toc-section\" id=\"mamparas-de-ducha-y-bano-a-medida-profiltek\"><\/span>Mamparas de ducha y ba\u00f1o a medida Profiltek<span class=\"ez-toc-section-end\"><\/span><\/h2>\n\n\n\n<p>Las mamparas de ducha y ba\u00f1o Profiltek ofrecen una gran cantidad de acabados y <b>posibilidades de personalizaci\u00f3n<\/b>. Lo que supone, que podr\u00e1n tener la medida y forma que requiramos.<\/p>\n\n\n\n<h3 class=\"wp-block-heading\"><span class=\"ez-toc-section\" id=\"mamparas-con-hojas-fijas-walk-in\"><\/span>Mamparas con hojas fijas walk in<span class=\"ez-toc-section-end\"><\/span><\/h3>\n\n\n\n<p>Las mamparas con hojas fijas walk in se caracterizan porque est\u00e1n dise\u00f1adas a medida para las duchas de Profiltek. Su dise\u00f1o est\u00e1 inspirado en la elegancia y la versatilidad, con el objetivo de dar respuesta a cualquier espacio de ducha, por amplio que \u00e9ste sea. Permiten elegir a nuestro gusto el perfil, el tipo de vidrio y la decoraci\u00f3n de \u00e9ste. Estos modelos resultan ideales para combinar con una serie de accesorios como toalleros, perchas integradas o barras LED. Y, dentro de ellas podemos encontrar las colecciones de mamparas Fijos Nordic y Fijos One.<\/p>\n\n\n\n<p>La <b>colecci\u00f3n Fijos Nordic<\/b> destaca por sus hojas fijas perfiladas en aluminio. El vidrio que utiliza es templado, de 8 mm de espesor, teniendo una compensaci\u00f3n de perfiles de 10 mm. Cuenta con una barra estabilizadora multiposici\u00f3n en acabado en diversos acabados. Entre ellos, Cromo Brillo, Negro, Blanco Mate u Oro Mate. Los vidrios tambi\u00e9n cuentan con diversos acabados, como Ecliptek, Espejo Mirastar, Master Carr\u00e9, \u00c1cido, Azul, Gris humo, Transparente o Wavy.<\/p>\n\n\n<div class=\"wp-block-image size-full wp-image-15210\">\n<figure class=\"aligncenter\"><img loading=\"lazy\" decoding=\"async\" width=\"900\" height=\"600\" sizes=\"auto, (max-width: 900px) 100vw, 900px\" src=\"https:\/\/www.aluministecnicsbarcelona.com\/wp-content\/uploads\/2023\/03\/fijos-nordic-mamparas-profiltek.jpg\" alt=\"Mampara FN2001 Ecliptekon\" class=\"wp-image-15210\" title=\"\" srcset=\"https:\/\/www.aluministecnicsbarcelona.com\/wp-content\/uploads\/2023\/03\/fijos-nordic-mamparas-profiltek.jpg 900w, https:\/\/www.aluministecnicsbarcelona.com\/wp-content\/uploads\/2023\/03\/fijos-nordic-mamparas-profiltek-300x200.jpg 300w, https:\/\/www.aluministecnicsbarcelona.com\/wp-content\/uploads\/2023\/03\/fijos-nordic-mamparas-profiltek-768x512.jpg 768w\" \/><figcaption class=\"wp-element-caption\">Mampara FN2001 Ecliptekon<\/figcaption><\/figure>\n<\/div>\n\n\n<p>Por su parte, la <b>colecci\u00f3n Fijos One<\/b> cuenta con una amplia variedad de modelos y acabados de fijos. Esta colecci\u00f3n nos permite instalar mamparas de una hoja fija, siendo completamente personalizables y confeccionadas a medida seg\u00fan la necesidad de cada cliente.<\/p>\n\n\n<div class=\"wp-block-image size-full wp-image-15211\">\n<figure class=\"aligncenter\"><img loading=\"lazy\" decoding=\"async\" width=\"900\" height=\"600\" sizes=\"auto, (max-width: 900px) 100vw, 900px\" src=\"https:\/\/www.aluministecnicsbarcelona.com\/wp-content\/uploads\/2023\/03\/fijos-one-ov2000-mampara-hoja-fija-barra-estabilizadora-pared-profiltek.jpg\" alt=\"Mampara hoja fija barra estabilizadora pared fijos one OV2000\" class=\"wp-image-15211\" title=\"\" srcset=\"https:\/\/www.aluministecnicsbarcelona.com\/wp-content\/uploads\/2023\/03\/fijos-one-ov2000-mampara-hoja-fija-barra-estabilizadora-pared-profiltek.jpg 900w, https:\/\/www.aluministecnicsbarcelona.com\/wp-content\/uploads\/2023\/03\/fijos-one-ov2000-mampara-hoja-fija-barra-estabilizadora-pared-profiltek-300x200.jpg 300w, https:\/\/www.aluministecnicsbarcelona.com\/wp-content\/uploads\/2023\/03\/fijos-one-ov2000-mampara-hoja-fija-barra-estabilizadora-pared-profiltek-768x512.jpg 768w\" \/><figcaption class=\"wp-element-caption\">Mampara hoja fija barra estabilizadora pared fijos one OV2000<\/figcaption><\/figure>\n<\/div>\n\n\n<p>Tambi\u00e9n podremos escoger el espesor del vidrio, el tipo de perfil y la barra de sujeci\u00f3n para adaptarse de una manera m\u00e1s \u00f3ptima al espacio del ba\u00f1o. Y elegir acabados para los perfiles, como Blanco Mate, Cromo Brillo, Plata Alto Brillo, Plata, Blanco, Oro Mate y Negro.<\/p>\n\n\n\n<p>Asimismo, para los vidrios, vamos a poder elegir entre diversas alternativas de acabados como Espejo Mirastar, Carglass, Master Carr\u00e9, \u00c1cido, Azul, Gris humo y Transparente.<\/p>\n\n\n\n<h3 class=\"wp-block-heading\"><span class=\"ez-toc-section\" id=\"mamparas-correderas-de-ducha-y-banera\"><\/span>Mamparas correderas de ducha y ba\u00f1era<span class=\"ez-toc-section-end\"><\/span><\/h3>\n\n\n\n<p>Las <b>mamparas correderas de ducha a medida de Profiltek<\/b> se caracterizan por ser completamente personalizables. Garantizando el funcionamiento de todos los mecanismos para que el deslizamiento de las puertas sea suave.<\/p>\n\n\n\n<p>Asimismo, nos ofrecen una gran calidad, garantiz\u00e1ndonos unos rodamientos de larga duraci\u00f3n. Sin lugar a dudas, las puertas correderas son la mejor soluci\u00f3n cuando nuestra ducha cuenta con un espacio reducido.<\/p>\n\n\n\n<p>Profiltek nos ofrece una amplia variedad de series entre las cuales encontraremos la que mejor se adapte a nuestras necesidades y gustos. Todas con diversas soluciones t\u00e9cnicas: rodamiento inferior y superior o s\u00f3lo superior, por ejemplo.<\/p>\n\n\n\n<p>Vamos a encontrar hasta <b>9 variantes de este modelo:<\/b> Vanity, Hit, Wind, Vita, Moon, Elma, Take, Nell y Ecodux. Todas con diversos acabados y vidrios de un espesor que va desde los 6 mm hasta los 8 mm.<\/p>\n\n\n<div class=\"wp-block-image size-full wp-image-15212\">\n<figure class=\"aligncenter\"><img loading=\"lazy\" decoding=\"async\" width=\"900\" height=\"600\" sizes=\"auto, (max-width: 900px) 100vw, 900px\" src=\"https:\/\/www.aluministecnicsbarcelona.com\/wp-content\/uploads\/2023\/03\/wind-profiltek-mampara-corredera-ducha-curva-medida-wi260.jpg\" alt=\"Wind - Mampara corredera ducha curva medida wi260_0_0\" class=\"wp-image-15212\" title=\"\" srcset=\"https:\/\/www.aluministecnicsbarcelona.com\/wp-content\/uploads\/2023\/03\/wind-profiltek-mampara-corredera-ducha-curva-medida-wi260.jpg 900w, https:\/\/www.aluministecnicsbarcelona.com\/wp-content\/uploads\/2023\/03\/wind-profiltek-mampara-corredera-ducha-curva-medida-wi260-300x200.jpg 300w, https:\/\/www.aluministecnicsbarcelona.com\/wp-content\/uploads\/2023\/03\/wind-profiltek-mampara-corredera-ducha-curva-medida-wi260-768x512.jpg 768w\" \/><figcaption class=\"wp-element-caption\">Wind &#8211; Mampara corredera ducha curva medida wi260_0_0<\/figcaption><\/figure>\n<\/div>\n\n\n<h3 class=\"wp-block-heading\"><span class=\"ez-toc-section\" id=\"mamparas-con-puertas-abatibles-y-plegables\"><\/span>Mamparas con puertas abatibles y plegables<span class=\"ez-toc-section-end\"><\/span><\/h3>\n\n\n\n<p>Las <b>mamparas con puertas abatibles y plegables<\/b> para ducha a medida de Profiltek destacan por el cuidado en la fabricaci\u00f3n de las bisagras. El objetivo es que el cliente experimente el m\u00e1ximo confort y un sistema de apertura de hojas impecable.<\/p>\n\n\n\n<p>Asimismo, cabe resaltar que la serie Keisy, uno de los modelos de mamparas de Profiltek, ha sido galardonada con el prestigioso <b>premio de dise\u00f1o IF Design Award 2020<\/b>. Estas mamparas de ducha abatibles resultan perfectas para aquellos que desean una entrada amplia a la ducha y no tienen problemas de espacio en el cuarto de ba\u00f1o. Por su parte, las puertas plegables son ideales para espacios reducidos de ducha.<\/p>\n\n\n\n<p>Otra de las ventajas que ofrecen las puertas abatibles y plegables es que todos sus componentes se fabrican \u00edntegramente en las instalaciones de Profiltek. Lo que garantiza su calidad m\u00e1xima. Y vamos a poder elegir entre las 6 variantes de este tipo, como Galilea, Keisy, Newglass, Chloe, Arocirirs plus y Duna.<\/p>\n\n\n<div class=\"wp-block-image size-full wp-image-15213\">\n<figure class=\"aligncenter\"><img loading=\"lazy\" decoding=\"async\" width=\"900\" height=\"652\" sizes=\"auto, (max-width: 900px) 100vw, 900px\" src=\"https:\/\/www.aluministecnicsbarcelona.com\/wp-content\/uploads\/2023\/03\/newglass-profiltek-mampara-abatible-ducha-medida-ng216.jpg\" alt=\"Newglass- Mampara abatible ducha medida NG216.jpg\" class=\"wp-image-15213\" title=\"\" srcset=\"https:\/\/www.aluministecnicsbarcelona.com\/wp-content\/uploads\/2023\/03\/newglass-profiltek-mampara-abatible-ducha-medida-ng216.jpg 900w, https:\/\/www.aluministecnicsbarcelona.com\/wp-content\/uploads\/2023\/03\/newglass-profiltek-mampara-abatible-ducha-medida-ng216-300x217.jpg 300w, https:\/\/www.aluministecnicsbarcelona.com\/wp-content\/uploads\/2023\/03\/newglass-profiltek-mampara-abatible-ducha-medida-ng216-768x556.jpg 768w\" \/><figcaption class=\"wp-element-caption\">Newglass- Mampara abatible ducha medida NG216.jpg<\/figcaption><\/figure>\n<\/div>\n\n\n<p>Los vidrios tendr\u00e1n diversos acabados, con un espesor que oscila entre los 3 mm en algunos hasta los 8 mm. Con respecto a los acabados de los perfiles, estos podr\u00e1n ser Cromo brillo, Plata alto brillo, Plata, Blanco, Negro, Oro mate o blanco mate.<\/p>\n\n\n\n<h3 class=\"wp-block-heading\"><span class=\"ez-toc-section\" id=\"modelos-para-soluciones-especiales\"><\/span>Modelos para soluciones especiales<span class=\"ez-toc-section-end\"><\/span><\/h3>\n\n\n\n<p>Las mamparas Profiltek son sin\u00f3nimo de <b>garant\u00eda y dise\u00f1o<\/b>. Ya que se fabrican en funci\u00f3n de las necesidades est\u00e9ticas o dimensionales de los clientes. Gracias a su equipo profesional experimentado y decidido, Profiltek va a ofrecer a sus clientes la mejor soluci\u00f3n para cualquier espacio.<\/p>\n\n\n\n<p>Estas mamparas para soluciones especiales pueden <b>fabricarse a medida<\/b>, adapt\u00e1ndose as\u00ed a cualquier tipo de necesidad. Cuentan con hojas fijas, correderas, abatibles y plegables, las cuales pueden ser de vidrio de seguridad de 6 mm u 8 mm, teniendo la opci\u00f3n Teknoclean.<\/p>\n\n\n\n<p>La perfiler\u00eda podr\u00e1 ser de acabado Blanco, Blanco Mate, Plata, Plata Alto Brillo, Cromo, Brillo, Negro. Una de sus grandes ventajas y que aporta a su versatilidad es que este tipo de mamparas podr\u00e1 admitir cualquier accesorio.<\/p>\n\n\n<div class=\"wp-block-image size-full wp-image-15225\">\n<figure class=\"aligncenter\"><img loading=\"lazy\" decoding=\"async\" width=\"900\" height=\"652\" sizes=\"auto, (max-width: 900px) 100vw, 900px\" src=\"https:\/\/www.aluministecnicsbarcelona.com\/wp-content\/uploads\/2023\/03\/especiales-profiltek-mampara-ducha-medida-es225-1.jpg\" alt=\"Mampara ducha a medida ES225\" class=\"wp-image-15225\" title=\"\" srcset=\"https:\/\/www.aluministecnicsbarcelona.com\/wp-content\/uploads\/2023\/03\/especiales-profiltek-mampara-ducha-medida-es225-1.jpg 900w, https:\/\/www.aluministecnicsbarcelona.com\/wp-content\/uploads\/2023\/03\/especiales-profiltek-mampara-ducha-medida-es225-1-300x217.jpg 300w, https:\/\/www.aluministecnicsbarcelona.com\/wp-content\/uploads\/2023\/03\/especiales-profiltek-mampara-ducha-medida-es225-1-768x556.jpg 768w\" \/><figcaption class=\"wp-element-caption\">Mampara ducha a medida ES225<\/figcaption><\/figure>\n<\/div>\n\n\n<p>Las <b>piezas met\u00e1licas son de Zamak<\/b>, las tapas pl\u00e1sticas cromadas son de ABS, las tapas pl\u00e1sticas trasparentes son de PP. Por su parte, los rodamientos est\u00e1n compuestos de bolas de acero, la pista interior de lat\u00f3n y la pista exterior de POM.<\/p>\n\n\n\n<p>Cuenta con <b>10 variantes de dise\u00f1o<\/b>, con lo cual, podremos encontrar el modelo que m\u00e1s se ajuste a nuestras necesidades. Y, los acabados para los vidrios son Carglass, Master Carr\u00e9, \u00c1cido, Azul, Gris humo y Transparente. Por su parte, para el decorado del vidrio, tendremos las opciones de Satinado e Imagik.<\/p>\n\n\n\n<h3 class=\"wp-block-heading\"><span class=\"ez-toc-section\" id=\"mamparas-de-ducha-para-personas-con-movilidad-reducida\"><\/span>Mamparas de ducha para personas con movilidad reducida<span class=\"ez-toc-section-end\"><\/span><\/h3>\n\n\n\n<p>Las <b>mamparas de ducha para personas con movilidad reducida<\/b> podr\u00e1n ser con hojas abatibles o plegables, con un vidrio de seguridad de 6 mm. Tienen una compensaci\u00f3n de perfiles de 20 mm por cada lateral. Estas mamparas est\u00e1n equipadas con perfil base y cierre magn\u00e9tico.<\/p>\n\n\n\n<p>Asimismo, cuentan con <b>bisagras magn\u00e9ticas<\/b> que nos van a asegurar el posicionamiento a 180\u00ba de las hojas plegables. Y sistema de estanqueidad de doble goma en perfil bisagra.<\/p>\n\n\n<div class=\"wp-block-image size-full wp-image-15224\">\n<figure class=\"aligncenter\"><img loading=\"lazy\" decoding=\"async\" width=\"900\" height=\"652\" sizes=\"auto, (max-width: 900px) 100vw, 900px\" src=\"https:\/\/www.aluministecnicsbarcelona.com\/wp-content\/uploads\/2023\/03\/pmr-asistencial-mampara-bano-profiltek-as239-1.jpg\" alt=\"PMR asistencial Profiltek AS239\" class=\"wp-image-15224\" title=\"\" srcset=\"https:\/\/www.aluministecnicsbarcelona.com\/wp-content\/uploads\/2023\/03\/pmr-asistencial-mampara-bano-profiltek-as239-1.jpg 900w, https:\/\/www.aluministecnicsbarcelona.com\/wp-content\/uploads\/2023\/03\/pmr-asistencial-mampara-bano-profiltek-as239-1-300x217.jpg 300w, https:\/\/www.aluministecnicsbarcelona.com\/wp-content\/uploads\/2023\/03\/pmr-asistencial-mampara-bano-profiltek-as239-1-768x556.jpg 768w\" \/><figcaption class=\"wp-element-caption\">PMR asistencial Profiltek AS239<\/figcaption><\/figure>\n<\/div>\n\n\n<p>Las piezas met\u00e1licas de estas mamparas est\u00e1n fabricadas con Zamak, la perfiler\u00eda puede tener diferentes acabados, como Cromo brillo, Plata alto brillo, plata, blanco, y negro. Las tapas pl\u00e1sticas cromadas son de ABS y las tapas pl\u00e1sticas trasparentes PP. Por su parte, los rodamientos est\u00e1n compuestos por bolas de acero, pista interior de lat\u00f3n, pista exterior de POM. Y se encuentran complementadas con una maneta Nantes de serie. Asimismo, los vidrios podr\u00e1n ser iguales que los de la serie anterior.<\/p>\n\n\n\n<h2 class=\"wp-block-heading\"><span class=\"ez-toc-section\" id=\"catalogo-profiltek-con-medidas-estandar\"><\/span>Cat\u00e1logo Profiltek con medidas est\u00e1ndar<span class=\"ez-toc-section-end\"><\/span><\/h2>\n\n\n\n<p>En cuanto al Cat\u00e1logo Profiltek con medidas est\u00e1ndar encontramos los siguientes modelos:<\/p>\n\n\n\n<h3 class=\"wp-block-heading\"><span class=\"ez-toc-section\" id=\"modelos-con-perfiles-fijos\"><\/span>Modelos con perfiles fijos<span class=\"ez-toc-section-end\"><\/span><\/h3>\n\n\n\n<p>Las mamparas fijas de ducha Xpress cuentan con diferentes series: Fado, Hada Plus y Deflector. Siendo sus acabados entre los que m\u00e1s demandan los consumidores finales. La <b>serie Fado<\/b> est\u00e1 compuesta por un fijo de vidrio para ducha de seguridad de 6 mm, con Teknoclean incluido. Con diferentes acabados, como Perfil Plata Alto Brillo, Perfil Negro y Vidrio Transparente.<\/p>\n\n\n\n<p>Cuenta con compensaci\u00f3n de perfiles de 15 mm, as\u00ed como barra estabilizadora articulada y recortable incluida y mampara reversible. La <b>serie Hada Plus<\/b> cuenta con una mampara para ducha con una hoja fija y una hoja abatible de apertura interior y exterior. Cuenta con vidrio de seguridad de 6 mm y Teknoclean incluido, teniendo una compensaci\u00f3n de perfiles de 20 mm por cada lateral. Los acabados de esta serie podr\u00e1n ser Perfil Plata Alto Brillo, Perfil Negro, Vidrio Transparente y Vidrio Acabado Satinado Bold.<\/p>\n\n\n<div class=\"wp-block-image size-full wp-image-15223\">\n<figure class=\"aligncenter\"><img loading=\"lazy\" decoding=\"async\" width=\"900\" height=\"652\" sizes=\"auto, (max-width: 900px) 100vw, 900px\" src=\"https:\/\/www.aluministecnicsbarcelona.com\/wp-content\/uploads\/2023\/03\/hada-plus-fijos-mampara-ducha-profiltek_0-1.jpg\" alt=\"Hada plus\" class=\"wp-image-15223\" title=\"\" srcset=\"https:\/\/www.aluministecnicsbarcelona.com\/wp-content\/uploads\/2023\/03\/hada-plus-fijos-mampara-ducha-profiltek_0-1.jpg 900w, https:\/\/www.aluministecnicsbarcelona.com\/wp-content\/uploads\/2023\/03\/hada-plus-fijos-mampara-ducha-profiltek_0-1-300x217.jpg 300w, https:\/\/www.aluministecnicsbarcelona.com\/wp-content\/uploads\/2023\/03\/hada-plus-fijos-mampara-ducha-profiltek_0-1-768x556.jpg 768w\" \/><figcaption class=\"wp-element-caption\">Hada plus<\/figcaption><\/figure>\n<\/div>\n\n\n<p>Su sistema de estanqueidad es de goma en perfil bisagra, pudiendo tener diversos posicionamientos de hoja, a 90, 180 y 270\u00ba. Por su parte, la serie Deflector cuenta con vidrio de seguridad de 6 mm y Teknoclean incluido. Apertura interior y exterior. Sus bisagras se encuentran sujetas por presi\u00f3n sin la necesidad de taladrar los vidrios. Los acabados de esta serie son Perfil Cromo Brillo y Vidrio Transparente.<\/p>\n\n\n\n<p>\u00c9sta serie se caracteriza porque se encuentra disponible para uni\u00f3n con fijos de espesores: 6 y 8 mm. Asimismo, nos ofrece <b>5 a\u00f1os de garant\u00eda<\/b> y una disponibilidad de repuestos garantizada de hasta 10 a\u00f1os.<\/p>\n\n\n\n<h3 class=\"wp-block-heading\"><span class=\"ez-toc-section\" id=\"correderas-con-medidas-estandar\"><\/span>Correderas con medidas est\u00e1ndar<span class=\"ez-toc-section-end\"><\/span><\/h3>\n\n\n\n<p>Las mamparas correderas de ducha Xpress destacan por la gran calidad de los sistemas de rodamientos. Dise\u00f1ados y fabricados en sus propias instalaciones. La calidad t\u00e9cnica con la que cuentan les permitir\u00e1 garantizar un funcionamiento impecable de las puertas.<\/p>\n\n\n\n<p>Adem\u00e1s, este tipo de mamparas cuentan con otras innovaciones como el <b>sistema anti-vuelco<\/b>, garantizando as\u00ed su seguridad. Y un sistema de liberaci\u00f3n de hojas para poder realizar la limpieza f\u00e1cilmente. Vamos a poder elegir entre 8 series distintas, las cuales van a satisfacer cualquier necesidad y todos los gustos.<\/p>\n\n\n\n<p>La <b>serie Salma<\/b> dispone de vidrio de seguridad de 6 mm y Teknoclean incluido. As\u00ed como con una compensaci\u00f3n de perfil a pared de 15 mm por cada lateral. Los rodamientos de esta serie son compensables en altura en 4,5 mm. Cuentan con un sistema anti-vuelco de hojas y no tienen ninguna gu\u00eda inferior.<\/p>\n\n\n\n<p>Se encuentra equipada con cierre magn\u00e9tico y\/o de contacto, siendo una <b>mampara reversible<\/b>. La serie Salma tiene diversos acabados, como Perfil Plata Alto Brillo, Perfil Negro, Vidrio Transparente y Vidrio Acabado Satinado Bold.<\/p>\n\n\n<div class=\"wp-block-image size-full wp-image-15222\">\n<figure class=\"aligncenter\"><img loading=\"lazy\" decoding=\"async\" width=\"900\" height=\"652\" sizes=\"auto, (max-width: 900px) 100vw, 900px\" src=\"https:\/\/www.aluministecnicsbarcelona.com\/wp-content\/uploads\/2023\/03\/salma-corredera-sa310-mampara-ducha-profiltek-1.jpg\" alt=\"Salma - SA310\" class=\"wp-image-15222\" title=\"\" srcset=\"https:\/\/www.aluministecnicsbarcelona.com\/wp-content\/uploads\/2023\/03\/salma-corredera-sa310-mampara-ducha-profiltek-1.jpg 900w, https:\/\/www.aluministecnicsbarcelona.com\/wp-content\/uploads\/2023\/03\/salma-corredera-sa310-mampara-ducha-profiltek-1-300x217.jpg 300w, https:\/\/www.aluministecnicsbarcelona.com\/wp-content\/uploads\/2023\/03\/salma-corredera-sa310-mampara-ducha-profiltek-1-768x556.jpg 768w\" \/><figcaption class=\"wp-element-caption\">Salma &#8211; SA310<\/figcaption><\/figure>\n<\/div>\n\n\n<p>Por su parte, la <b>serie Summer<\/b> cuenta con un vidrio de seguridad de 6 mm, teniendo Teknoclean incluido y una compensaci\u00f3n de perfiles de 30 mm por cada lateral. Adem\u00e1s, nos ofrece un sistema de liberaci\u00f3n de hojas que nos facilitar\u00e1 la limpieza.<\/p>\n\n\n\n<p>Cuenta con un <b>tren de rodamientos compensables<\/b> en altura de 5 mm y un sistema anti-vuelco de hojas. No cuenta con gu\u00eda inferior y se encuentra equipada con cierre magn\u00e9tico o de contacto seg\u00fan el modelo que elijamos. Destaca por su sistema de <b>montaje r\u00e1pido<\/b> y por su mampara reversible. Los acabados de esta serie son Perfil Plata Alto Brillo, Vidrio Transparente y Vidrio Acabado Satinado Bold.<\/p>\n\n\n\n<p>Por su parte, la <b>serie Spring<\/b> presenta un vidrio de seguridad de 6 mm y con Teknoclean incluido. As\u00ed como con una compensaci\u00f3n de perfiles de 30 mm por cada lateral. Dispone de tren de rodamientos compensables en altura 5 mm.<\/p>\n\n\n\n<p>Para garantizar nuestra seguridad, presenta un <b>sistema anti-vuelco de hojas<\/b>, estando equipada con cierre magn\u00e9tico y\/o de contacto seg\u00fan modelo, as\u00ed como con mampara reversible.<span class=\"Apple-converted-space\">&nbsp; La serie Spring tiene diferentes acabados, como Perfil Plata Alto Brillo, Vidrio Transparente y Vidrio Acabado Satinado Bold.<\/span><\/p>\n\n\n<div class=\"wp-block-image size-full wp-image-15220\">\n<figure class=\"aligncenter\"><img loading=\"lazy\" decoding=\"async\" width=\"900\" height=\"652\" sizes=\"auto, (max-width: 900px) 100vw, 900px\" src=\"https:\/\/www.aluministecnicsbarcelona.com\/wp-content\/uploads\/2023\/03\/spring-mampara-profiltek-ducha-corredera-spg-310-ldf-1.jpg\" alt=\"Spring - SPG310\" class=\"wp-image-15220\" title=\"\" srcset=\"https:\/\/www.aluministecnicsbarcelona.com\/wp-content\/uploads\/2023\/03\/spring-mampara-profiltek-ducha-corredera-spg-310-ldf-1.jpg 900w, https:\/\/www.aluministecnicsbarcelona.com\/wp-content\/uploads\/2023\/03\/spring-mampara-profiltek-ducha-corredera-spg-310-ldf-1-300x217.jpg 300w, https:\/\/www.aluministecnicsbarcelona.com\/wp-content\/uploads\/2023\/03\/spring-mampara-profiltek-ducha-corredera-spg-310-ldf-1-768x556.jpg 768w\" \/><figcaption class=\"wp-element-caption\">Spring &#8211; SPG310<\/figcaption><\/figure>\n<\/div>\n\n\n<p>La <b>serie Aurum<\/b> se caracteriza por ser una mampara corredera para ducha disponible en Acr\u00edlico. El vidrio de esta serie es de seguridad de 3 mm y cuenta con Teknoclean incluido, con una compensaci\u00f3n de perfiles de 20 mm por cada lateral.<\/p>\n\n\n\n<p>Asimismo, nos ofrece cuatro rodamientos por cada hoja, encontr\u00e1ndose equipada con cierre magn\u00e9tico y siendo una mampara reversible. Esta serie dispone de acabados con Perfil Plata Alto Brillo, Perfil Blanco, Vidrio Transparente, Vidrio Acabado Satinado Bold y Acrilico Agua Viva.<\/p>\n\n\n\n<p>Por su parte, la <b>serie Demi<\/b> cuenta con vidrio de seguridad de 3 mm para la parte frontal y de 6 mm para la parte lateral y con Teknoclean incluido. Asimismo, la gu\u00eda superior es de doble rodamiento, contando con cuatro rodamientos por hoja. Cuenta con una compensaci\u00f3n de perfiles de 20 mm por cada lateral.<\/p>\n\n\n<div class=\"wp-block-image size-full wp-image-15227\">\n<figure class=\"aligncenter\"><img loading=\"lazy\" decoding=\"async\" width=\"900\" height=\"652\" sizes=\"auto, (max-width: 900px) 100vw, 900px\" src=\"https:\/\/www.aluministecnicsbarcelona.com\/wp-content\/uploads\/2023\/03\/demi-mampara-profiltek-ducha-corredera-frontal.jpg\" alt=\"Demi - Corredera frontal\" class=\"wp-image-15227\" title=\"\" srcset=\"https:\/\/www.aluministecnicsbarcelona.com\/wp-content\/uploads\/2023\/03\/demi-mampara-profiltek-ducha-corredera-frontal.jpg 900w, https:\/\/www.aluministecnicsbarcelona.com\/wp-content\/uploads\/2023\/03\/demi-mampara-profiltek-ducha-corredera-frontal-300x217.jpg 300w, https:\/\/www.aluministecnicsbarcelona.com\/wp-content\/uploads\/2023\/03\/demi-mampara-profiltek-ducha-corredera-frontal-768x556.jpg 768w\" \/><figcaption class=\"wp-element-caption\">Demi &#8211; Corredera frontal<\/figcaption><\/figure>\n<\/div>\n\n\n<p>Adem\u00e1s, cuenta con <b>deslizador de seguridad regulable<\/b> en la parte interior y se encuentra equipada con cierre magn\u00e9tico. Debemos tener en cuenta que, la hoja exterior queda en el lado derecho. Los distintos acabados de esta serie son Perfil Blanco, Vidrio Transparente, Vidrio Acabado Satinado Bold y Acrilico Agua Viva.<\/p>\n\n\n\n<p>La <b>serie Baco<\/b> nos ofrece vidrio de seguridad de 3 mm para la parte frontal y de 6 mm para la parte lateral, con Teknoclean incluido. La gu\u00eda superior presenta doble rodamiento, teniendo cuatro rodamientos por hoja. Dispone de una compensaci\u00f3n de perfiles de 20 mm por cada lateral en frontal y de 25 mm en la parte lateral.<\/p>\n\n\n\n<p>Adem\u00e1s, su deslizador de seguridad es regulable en el interior, estando equipada con <b>cierre<\/b> <b>magn\u00e9tico<\/b>. Por su parte, la hoja exterior queda en el lado derecho. Y los acabados son Perfil Blanco, Vidrio Transparente, Vidrio Acabado Satinado Bold y Acrilico Agua Viva.<\/p>\n\n\n\n<p>Finalmente, la <b>serie Cumus<\/b> se caracteriza por ser una <b>mampara corredera curva<\/b> para ducha, la cual se encuentra disponible en Acr\u00edlico. Cuenta con vidrio de seguridad de 3 mm y con Teknoclean incluido. Asimismo, cuenta con una compensaci\u00f3n de perfiles de 30 mm por cada lateral y se encuentra equipada con cierre magn\u00e9tico.<\/p>\n\n\n\n<p>Nos ofrece los siguientes acabados: Perfil Blanco, Vidrio Transparente, Vidrio Acabado Satinado Bold y Acrilico Agua Viva. Debemos tener siempre en cuenta que, todas las series de este de mamparas correderas nos ofrecen <b>5 a\u00f1os de garant\u00eda<\/b>, as\u00ed como una disponibilidad de repuestos garantizada de al menos 10 a\u00f1os.<\/p>\n\n\n<div class=\"wp-block-image size-full wp-image-15228\">\n<figure class=\"aligncenter\"><img decoding=\"async\" sizes=\"(max-width: 900px) 100vw, 900px\" src=\"https:\/\/www.aluministecnicsbarcelona.com\/wp-content\/uploads\/2023\/03\/cumus-mampara-profiltek-ducha-corredera.jpg\" alt=\"Cumus\" class=\"wp-image-15227\" title=\"\"><figcaption class=\"wp-element-caption\">Cummus<\/figcaption><\/figure>\n<\/div>\n\n\n<h3 class=\"wp-block-heading\"><span class=\"ez-toc-section\" id=\"abatibles-yo-correderas\"><\/span>Abatibles y\/o correderas<span class=\"ez-toc-section-end\"><\/span><\/h3>\n\n\n\n<p>Las mamparas con puertas abatibles y\/o plegables para ducha y ba\u00f1era Xpress, son el resultado de un proceso de fabricaci\u00f3n sumamente cuidadoso. Encontramos dos alternativas de mamparas abatibles y\/o correderas, como son la serie Dumas Frontal Plegable y la serie Hada Plus Abatible. Este tipo de mamparas resulta id\u00f3neo para quienes quieran disfrutar de un <b>espacio amplio de entrada a la ducha<\/b>.<\/p>\n\n\n\n<p>La <b>serie Dumas<\/b> se caracteriza por ser una mampara para ducha con hojas plegables hacia el interior. Cuenta con vidrio de seguridad de 3 mm, as\u00ed como con Teknoclean incluido. Adem\u00e1s, dispone de una compensaci\u00f3n de perfiles de 30 mm por cada lateral. Y, gracias a que se encuentra equipada con gomas, nos asegura su estanqueidad.<\/p>\n\n\n\n<p>Asimismo, cuenta con un doble rodamiento tanto en la gu\u00eda superior como en la inferior, permiti\u00e9ndonos la fijaci\u00f3n por presi\u00f3n <b>sin taladrar la pared<\/b>. Siendo, adem\u00e1s, una mampara reversible. Entre sus acabados encontramos Perfil Plata Alto Brillo, Perfil Blanco, Vidrio Transparente, Vidrio Acabado Satinado Bold y Acrilico Agua Viva.<\/p>\n\n\n<div class=\"wp-block-image size-full wp-image-15229\">\n<figure class=\"aligncenter\"><img loading=\"lazy\" decoding=\"async\" width=\"900\" height=\"652\" sizes=\"auto, (max-width: 900px) 100vw, 900px\" src=\"https:\/\/www.aluministecnicsbarcelona.com\/wp-content\/uploads\/2023\/03\/dumas-mampara-profiltek-ducha-plegable-frontal.jpg\" alt=\"Dumas - plegable frontal\" class=\"wp-image-15229\" title=\"\" srcset=\"https:\/\/www.aluministecnicsbarcelona.com\/wp-content\/uploads\/2023\/03\/dumas-mampara-profiltek-ducha-plegable-frontal.jpg 900w, https:\/\/www.aluministecnicsbarcelona.com\/wp-content\/uploads\/2023\/03\/dumas-mampara-profiltek-ducha-plegable-frontal-300x217.jpg 300w, https:\/\/www.aluministecnicsbarcelona.com\/wp-content\/uploads\/2023\/03\/dumas-mampara-profiltek-ducha-plegable-frontal-768x556.jpg 768w\" \/><figcaption class=\"wp-element-caption\">Dumas &#8211; plegable frontal<\/figcaption><\/figure>\n<\/div>\n\n\n<p>Por su parte, la <b>serie Hada Plus<\/b> es una mampara para ducha y ba\u00f1era de hoja abatible con posibilidad de apertura interior y exterior. Tambi\u00e9n nos ofrece la alternativa de mampara para ba\u00f1era de 1 hoja fija + 1 hoja abatible con posibilidad de apertura interior y exterior.<\/p>\n\n\n\n<p>Esta cuenta con <b>vidrio de seguridad<\/b> de 6 mm y con Teknoclean incluido. As\u00ed como una compensaci\u00f3n de perfiles de 20 mm por cada lateral. La apertura se realiza con elevaci\u00f3n y cuenta con un sistema de estanqueidad de goma en perfil bisagra.<\/p>\n\n\n\n<p>Adem\u00e1s, est\u00e1 equipada con cierre magn\u00e9tico y algunos modelos podr\u00e1n ser de mampara reversible. Sus acabados son en Perfil Plata Alto Brillo, Perfil Negro, Vidrio Transparente y Vidrio Acabado Satinado Bold. Ambas series nos ofrecen <b>5 a\u00f1os de garant\u00eda<\/b>, as\u00ed como la disponibilidad de repuestos garantizada por, al menos, 10 a\u00f1os.<\/p>\n\n\n\n<h2 class=\"wp-block-heading\"><span class=\"ez-toc-section\" id=\"acabados-personalizados-100\"><\/span>Acabados personalizados 100%<span class=\"ez-toc-section-end\"><\/span><\/h2>\n\n\n\n<p>Con los diversos tipos de acabados que nos ofrece Profiltek, podr\u00e1s <b>personalizar 100% tu mampara de ba\u00f1o<\/b>. Por lo cual, se podr\u00e1 materializar cada proyecto de ba\u00f1o que los clientes tengan en mente, por m\u00e1s exigentes que sean.<\/p>\n\n\n\n<p>Podremos elegir la perfiler\u00eda, vidrios, decoraci\u00f3n de vidrio y accesorios para nuestra mampara. Todas las mamparas de Profiltek se encuentra fabricadas en Espa\u00f1a, por lo cual, cuentan con la homologaci\u00f3n CE. Vamos a tener a nuestra disposici\u00f3n una serie de materiales, tanto para la perfiler\u00eda como para el vidrio, as\u00ed como una serie de accesorios en distintos tipos de acabado.<\/p>\n\n\n\n<p>Profiltek asegura la <b>m\u00e1xima calidad de materiales y procesos<\/b> en todos sus productos, la cual se encuentra avalada en base a la norma internacional EN 14428:2016. Adem\u00e1s, dispone del marcado CE que fija las exigencias para la fabricaci\u00f3n de mamparas de ducha.<\/p>\n\n\n\n<h3 class=\"wp-block-heading\"><span class=\"ez-toc-section\" id=\"perfileria\"><\/span>Perfiler\u00eda<span class=\"ez-toc-section-end\"><\/span><\/h3>\n\n\n\n<p>En lo referente a la perfiler\u00eda, vamos a tener los siguientes acabados: Blanco, Blanco Mate, Plata, Plata Alto Brillo, Cromo Brillo, Oro Mate y Negro.<\/p>\n\n\n\n<p>Con respecto a los tipos de vidrio, encontramos los siguientes: Transparente, Gris humo, Azul, \u00c1cido, Master Carr\u00e9, Carglass, Wavy, Espejo Mirastar y Ecliptek.<\/p>\n\n\n\n<h3 class=\"wp-block-heading\"><span class=\"ez-toc-section\" id=\"accesorios-disponibles\"><\/span>Accesorios disponibles<span class=\"ez-toc-section-end\"><\/span><\/h3>\n\n\n\n<p>Profiltek nos ofrece una gran variedad de accesorios para las mamparas. Es as\u00ed que, vamos a tener manetas, pomos, toalleros y perchas muy diversas. Gracias a su amplia gama de accesorios, podremos personalizar nuestra mampara con los accesorios que mejor se adaptan a nuestro estilo y necesidades.<\/p>\n\n\n\n<h3 class=\"wp-block-heading\"><span class=\"ez-toc-section\" id=\"tipos-de-vidrio\"><\/span>Tipos de vidrio<span class=\"ez-toc-section-end\"><\/span><\/h3>\n\n\n\n<p>Con respecto a los tipos de vidrio, encontramos los siguientes: Transparente, Gris humo, Azul, \u00c1cido, Master Carr\u00e9, Carglass, Wavy, Espejo Mirastar y Ecliptek. Gracias a la excelencia en la fabricaci\u00f3n de mamparas, los diferentes tipos de vidrios que nos ofrece Profiltek, se encuentran <b>garantizados<\/b>.<\/p>\n\n\n\n<h3 class=\"wp-block-heading\"><span class=\"ez-toc-section\" id=\"decoracion-del-vidrio\"><\/span>Decoraci\u00f3n del v\u00eddrio<span class=\"ez-toc-section-end\"><\/span><\/h3>\n\n\n\n<p>Gracias a <b>Imagik<\/b>, el sistema de impresi\u00f3n digital sobre vidrio de Profiltek, vamos a poder combinar distintos tipos de vidrio, texturas y decorados. Este sistema nos abre las puertas a <b>dise\u00f1os totalmente personalizados<\/b>, ofreci\u00e9ndonos posibilidades ilimitadas.<\/p>\n\n\n\n<p>Los resultados obtenidos ser\u00e1n de una excelente calidad, asegur\u00e1ndonos que tengan todas las garant\u00edas. La impresi\u00f3n se realiza con tintas cer\u00e1micas, teniendo una resoluci\u00f3n m\u00e1xima de impresi\u00f3n utilizada 1440dpi.<\/p>\n\n\n\n<p>Adem\u00e1s, nos asegura una <b>alta resistencia al rayado<\/b>, permiti\u00e9ndonos reproducir cualquier imagen, color o dise\u00f1o con calidad fotogr\u00e1fica. No debemos olvidar que, el arenado durante mucho tiempo ha sido una de las t\u00e9cnicas que m\u00e1s se utilizaba a pesar de su complejidad de aplicaci\u00f3n.<\/p>\n\n\n\n<p>Sin embargo, Profiltek, debido a su constante b\u00fasqueda de la excelencia, ha conseguido a trav\u00e9s de un exhaustivo proceso de investigaci\u00f3n y desarrollo cambiar esto. Profiltek plantea una soluci\u00f3n mejorada la cual es capaz de conseguir los mejores resultados de una forma mucho m\u00e1s simple y elegante, a trav\u00e9s del <b>satinado<\/b>.<\/p>\n\n\n\n<p>El satinado es una t\u00e9cnica de impresi\u00f3n digital sobre vidrio la cual consigue aportar una f\u00e1cil limpieza, as\u00ed como continuidad de las gr\u00e1ficas independientemente del n\u00famero de hojas y del tama\u00f1o de los solapes.<\/p>\n\n\n\n<h3 class=\"wp-block-heading\"><span class=\"ez-toc-section\" id=\"barras\"><\/span>Barras<span class=\"ez-toc-section-end\"><\/span><\/h3>\n\n\n\n<p>Asimismo, Profiltek nos ofrece una serie de barras para mejorar la <b>estabilidad de nuestra<\/b> <b>mampara<\/b>. Es as\u00ed que, encontramos la barra estabilizadora multiposici\u00f3n pared-vidrio. Esta es una barra articulada que se adapta al espacio de ducha, siendo tambi\u00e9n recortable y adaptable a distintas posiciones en funci\u00f3n de las necesidades. Podr\u00e1 ser angular, tanto a derecha como a izquierda, o recta.<\/p>\n\n\n\n<p>Este tipo de barra est\u00e1 disponible en acabado Cromo Brillo, Blanco Mate, Negro y Oro Mate. Est\u00e1 dise\u00f1ada para trabajar con vidrio de 6, 8, 10 y 12mm de espesor. Y podremos decantarnos por la barra estabilizadora led Lyon que dispone de un mando para encenderla o apagarla de acuerdo a nuestras necesidades. Tiene una <b>potencia lum\u00ednica de 1152lm\/m<\/b>, un consumo de 9.6W\/m, una baja tensi\u00f3n de seguridad 24V. Finalmente, vamos a tener barras estabilizadoras especiales para fijos.<\/p>\n\n\n\n<h2 class=\"wp-block-heading\"><span class=\"ez-toc-section\" id=\"platos-de-ducha-a-medida-profiltek\"><\/span>Platos de ducha a medida Profiltek<span class=\"ez-toc-section-end\"><\/span><\/h2>\n\n\n\n<p>Profiltek cuenta con una amplia gama de <b>platos de ducha extraplanos a medida<\/b>, con los cuales vamos a poder personalizar nuestro ba\u00f1o. Y una amplia experiencia en mamparas a medida, lo cual ha propiciado que se permitan ofrecer nuevos productos y soluciones, con el objetivo de completar su gran oferta para hacer de nuestros espacios algo \u00fanico.<\/p>\n\n\n\n<h3 class=\"wp-block-heading\"><span class=\"ez-toc-section\" id=\"tipos-de-platos-de-ducha\"><\/span>Tipos de platos de ducha<span class=\"ez-toc-section-end\"><\/span><\/h3>\n\n\n\n<p>Profiltek nos ofrece diversos tipos de ducha que presentan diferentes tipos de materiales. De esta manera vamos a encontrar hasta seis tipos de platos de duchas. En primer lugar, tendremos los platos de <b>ducha Gotham<\/b> que destacan por ser platos de resina de ducha extraplanos.<\/p>\n\n\n\n<p>Tienen cargas minerales por lo que presentan diferentes texturas. Adem\u00e1s de ser antibacterianos y antideslizantes clase 3. Un <b>material eco-friendly<\/b>, con posibilidad de corte a medida.<\/p>\n\n\n\n<p>Cuenta con una rejilla pintada opcional del mismo color del plato. Y v\u00e1lvula de desag\u00fce incluida de gran caudal (90 \u00d8 mm.). Q=0,7l\/s y con una altura de 3 cm. Por su parte, el modelo de <b>platos de ducha Zenda<\/b>, destaca por ser platos de ducha de resina extraplanos con cargas minerales.<\/p>\n\n\n<div class=\"wp-block-image size-full wp-image-15230\">\n<figure class=\"aligncenter\"><img loading=\"lazy\" decoding=\"async\" width=\"900\" height=\"600\" sizes=\"auto, (max-width: 900px) 100vw, 900px\" src=\"https:\/\/www.aluministecnicsbarcelona.com\/wp-content\/uploads\/2023\/03\/zenda-plato-ducha-profiltek.jpg\" alt=\"Zenda Ambiente\" class=\"wp-image-15230\" title=\"\" srcset=\"https:\/\/www.aluministecnicsbarcelona.com\/wp-content\/uploads\/2023\/03\/zenda-plato-ducha-profiltek.jpg 900w, https:\/\/www.aluministecnicsbarcelona.com\/wp-content\/uploads\/2023\/03\/zenda-plato-ducha-profiltek-300x200.jpg 300w, https:\/\/www.aluministecnicsbarcelona.com\/wp-content\/uploads\/2023\/03\/zenda-plato-ducha-profiltek-768x512.jpg 768w\" \/><figcaption class=\"wp-element-caption\">Zenda Ambiente<\/figcaption><\/figure>\n<\/div>\n\n\n<p>Tienen una textura lisa SOLIDTEK\u00ae, haciendo que estas superficies sean <b>antibacterianas y antideslizantes<\/b> clase 3. Estos platos se encuentran fabricados con material eco-friendly, disponiendo de la posibilidad de corte a medida.<\/p>\n\n\n\n<p>Vamos a disponer de distintos acabados de rejilla a elegir, teniendo rejillas opcionales del mismo color del plato. Nos vamos a poder decidir entre m\u00faltiples acabados y posibilidades a elegir y la altura de estos platos es de 3 cm.<\/p>\n\n\n\n<p>El modelo de <b>platos de ducha Daray<\/b>, se caracteriza por ser de extraplanos, ya que tienen una altura de 3 cm y son de resina con cargas minerales, teniendo una textura de piedra. Son antibacterianos y antideslizantes clase 3 y se fabrican con material eco-friendly.<\/p>\n\n\n\n<p>Nos ofrecen la posibilidad de <b>corte a medida<\/b>, as\u00ed como la rejilla pintada opcional del mismo color del plato. Vamos a poder elegir entre m\u00faltiples acabados y posibilidades. Por su parte los platos de ducha del <b>modelo Rodik<\/b>, son platos extraplanos de ducha de resina con cargas minerales u con una altura de 3 cm.<\/p>\n\n\n<div class=\"wp-block-image size-full wp-image-15231\">\n<figure class=\"aligncenter\"><img loading=\"lazy\" decoding=\"async\" width=\"900\" height=\"600\" sizes=\"auto, (max-width: 900px) 100vw, 900px\" src=\"https:\/\/www.aluministecnicsbarcelona.com\/wp-content\/uploads\/2023\/03\/rodik-plato-ducha-resina-profiltek.jpg\" alt=\"Rodik - Resina\" class=\"wp-image-15231\" title=\"\" srcset=\"https:\/\/www.aluministecnicsbarcelona.com\/wp-content\/uploads\/2023\/03\/rodik-plato-ducha-resina-profiltek.jpg 900w, https:\/\/www.aluministecnicsbarcelona.com\/wp-content\/uploads\/2023\/03\/rodik-plato-ducha-resina-profiltek-300x200.jpg 300w, https:\/\/www.aluministecnicsbarcelona.com\/wp-content\/uploads\/2023\/03\/rodik-plato-ducha-resina-profiltek-768x512.jpg 768w\" \/><figcaption class=\"wp-element-caption\">Rodik &#8211; Resina<\/figcaption><\/figure>\n<\/div>\n\n\n<p>Nos ofrecen una textura de piedra, teniendo una superficie antibacteriana y antideslizante clase 3. Se fabrican con material eco-friendly. Tendremos la posibilidad de elegir entre diversos acabados de rejilla y las rejillas opcionales se suministrar\u00e1n del mismo color del plato.<\/p>\n\n\n\n<p>Podremos elegir entre m\u00faltiples acabados y posibilidades, encontr\u00e1ndose tambi\u00e9n disponible para curvas, con los <b>modelos Malta R505 y Standard R550<\/b>. Finalmente, los platos de ducha del <b>modelo Matis<\/b>, tambi\u00e9n se caracterizan por ser platos de ducha extraplanos, teniendo una altura de 3cm. Estos platos son de resina con cargas minerales, teniendo una textura de Piedra, as\u00ed como una superficie antibacteriana y antideslizante clase 3. Se fabrican con materiales eco-friendly, teniendo la posibilidad de corte a medida.<\/p>\n\n\n\n<p>La rejilla ser\u00e1 suministrada del mismo color del plato, teniendo la opci\u00f3n de elegir entre m\u00faltiples acabados y posibilidades.<\/p>\n\n\n\n<h3 class=\"wp-block-heading\"><span class=\"ez-toc-section\" id=\"solucion-para-cambiar-tu-banera-por-una-ducha\"><\/span>Soluci\u00f3n para cambiar tu ba\u00f1era por una ducha<span class=\"ez-toc-section-end\"><\/span><\/h3>\n\n\n\n<p>Gracias a las soluciones a medida de Profiltek, <b>sustituir nuestra ba\u00f1era por un plato de ducha<\/b> ser\u00e1 una excelente manera de ganar espacio. Los platos de ducha de Profiltek son una soluci\u00f3n fabricada completamente a medida, por lo cual, se adaptar\u00e1n a cualquier espacio disponible.<\/p>\n\n\n\n<p>Con los platos de ducha Profiltek tendremos una <b>soluci\u00f3n integral a medida<\/b>, de f\u00e1cil instalaci\u00f3n, que causar\u00e1 un impacto de obra m\u00ednimo. Gracias a su amplia variedad de modelos, vamos a poder encontrar el que mejor se ajuste a nuestros requerimientos.<\/p>\n\n\n\n<h3 class=\"wp-block-heading\"><span class=\"ez-toc-section\" id=\"texturas-y-colores-disponibles\"><\/span>Texturas y colores disponibles<span class=\"ez-toc-section-end\"><\/span><\/h3>\n\n\n\n<p>Con respecto a los colores, tendremos la posibilidad de elegir entre colores base, colores complementarios y una configuraci\u00f3n especial bajo pedido. Entre los colores base encontramos <b>RAL 9003 Blanco, RAL 7016 Antracita, RAL 1015 Crema y RAL 7047 Perla<\/b>.<\/p>\n\n\n\n<p>Por su parte, las opciones de colores complementarios son RAL 1019 Moka, RAL 9005 Negro, RAL 7040 Gris y RAL 7030 Zinc. Finalmente, tendremos la alternativa de elegir el acabado RAL espec\u00edfico que necesitemos, siempre bajo pedido. Las texturas que nos ofrecen estos platos son 3: pizarra, piedra y Liso Solidtek\u00ae.<\/p>\n\n\n\n<h3 class=\"wp-block-heading\"><span class=\"ez-toc-section\" id=\"accesorios-para-platos-de-ducha\"><\/span>Accesorios para platos de ducha<span class=\"ez-toc-section-end\"><\/span><\/h3>\n\n\n\n<p>Los accesorios Profiltek nos ofrecen una amplia gama de posibilidades para personalizar nuestro espacio, siempre con soluciones propias que adaptar\u00e1n al estilo y necesidades de cada cliente. De esta manera, vamos a encontrarnos con paneles disponibles en las mismas texturas y colores para todos los modelos de platos.<\/p>\n\n\n\n<p>Este tipo de accesorio nos va a permitir recubrir los laterales de la ducha, ya sea por motivos est\u00e9ticos, como para crear un espacio de ducha singular con paredes y plato totalmente integradas. Asimismo, dispone de <b>rampas de acceso para personas con movilidad reducida<\/b>.<\/p>\n\n\n\n<p>Tambi\u00e9n vamos a poder enmarcar perimetralmente las rampas de acceso, mejorando considerablemente la est\u00e9tica y la funcionalidad. Y, de igual manera, encontramos accesorios como perfiles de remate, fald\u00f3n de sobre elevaci\u00f3n y diferentes tipos de desag\u00fces opcionales.<\/p>\n\n\n\n<p>De esta manera, vamos a poder <b>personalizar nuestro espacio de ducha<\/b> con el estilo que m\u00e1s deseemos. En la <a href=\"https:\/\/www.profiltek.com\/\" target=\"_blank\" rel=\"noopener\">web Profiltek<\/a> encontraremos m\u00e1s informaci\u00f3n de tipo t\u00e9cnico.<\/p>\n","protected":false},"excerpt":{"rendered":"<p>\u00bfHas hecho reforma en tu ducha y quieres poner una mampara? Pues en Aluminics T\u00e8cnics queremos hablarte de las mamparas de ducha y ba\u00f1o Profiltek [&hellip;]<\/p>\n","protected":false},"author":2,"featured_media":15232,"comment_status":"closed","ping_status":"closed","sticky":false,"template":"","format":"standard","meta":{"_lmt_disableupdate":"no","_lmt_disable":"","_joinchat":[],"footnotes":""},"categories":[112],"tags":[155],"class_list":["post-15203","post","type-post","status-publish","format-standard","has-post-thumbnail","hentry","category-noticias","tag-mamparas"],"modified_by":"Enrique Camba","_links":{"self":[{"href":"https:\/\/www.aluministecnicsbarcelona.com\/es\/wp-json\/wp\/v2\/posts\/15203","targetHints":{"allow":["GET"]}}],"collection":[{"href":"https:\/\/www.aluministecnicsbarcelona.com\/es\/wp-json\/wp\/v2\/posts"}],"about":[{"href":"https:\/\/www.aluministecnicsbarcelona.com\/es\/wp-json\/wp\/v2\/types\/post"}],"author":[{"embeddable":true,"href":"https:\/\/www.aluministecnicsbarcelona.com\/es\/wp-json\/wp\/v2\/users\/2"}],"replies":[{"embeddable":true,"href":"https:\/\/www.aluministecnicsbarcelona.com\/es\/wp-json\/wp\/v2\/comments?post=15203"}],"version-history":[{"count":5,"href":"https:\/\/www.aluministecnicsbarcelona.com\/es\/wp-json\/wp\/v2\/posts\/15203\/revisions"}],"predecessor-version":[{"id":20290,"href":"https:\/\/www.aluministecnicsbarcelona.com\/es\/wp-json\/wp\/v2\/posts\/15203\/revisions\/20290"}],"wp:featuredmedia":[{"embeddable":true,"href":"https:\/\/www.aluministecnicsbarcelona.com\/es\/wp-json\/wp\/v2\/media\/15232"}],"wp:attachment":[{"href":"https:\/\/www.aluministecnicsbarcelona.com\/es\/wp-json\/wp\/v2\/media?parent=15203"}],"wp:term":[{"taxonomy":"category","embeddable":true,"href":"https:\/\/www.aluministecnicsbarcelona.com\/es\/wp-json\/wp\/v2\/categories?post=15203"},{"taxonomy":"post_tag","embeddable":true,"href":"https:\/\/www.aluministecnicsbarcelona.com\/es\/wp-json\/wp\/v2\/tags?post=15203"}],"curies":[{"name":"wp","href":"https:\/\/api.w.org\/{rel}","templated":true}]}}